{"id":158,"date":"2021-03-30T15:33:54","date_gmt":"2021-03-30T15:33:54","guid":{"rendered":"https:\/\/psoefuenlabrada.es\/?p=158"},"modified":"2021-03-30T15:33:54","modified_gmt":"2021-03-30T15:33:54","slug":"angel-gabilondo-ayuso-es-la-responsable-de-que-el-virus-este-fuera-de-control-en-madrid","status":"publish","type":"post","link":"https:\/\/psoefuenlabrada.es\/?p=158","title":{"rendered":"\u00c1ngel Gabilondo: Ayuso es la responsable de que el virus est\u00e9 fuera de control en Madrid"},"content":{"rendered":"<p><strong>La acusa de \u201carruinar el trabajo sin descanso de nuestros sanitarios\u201d con el \u201cdesgobierno\u201d, el \u201cdesmadre\u201d y el \u201cefecto llamada\u201d que est\u00e1 provocando.<\/strong><\/p>\n<p>El candidato socialista a la Presidencia de la Comunidad de Madrid,\u00a0<strong>\u00c1ngel Gabilondo<\/strong>, ha responsabilizado este martes a D\u00edaz Ayuso de que<strong>\u00a0el virus en la regi\u00f3n est\u00e9 \u201cfuera de control\u201d<\/strong>\u00a0debido al \u201c<strong>desgobierno\u201d, el \u201cdesmadre\u201d y el \u201cefecto llamada\u201d<\/strong>\u00a0que ella misma ha provocado, \u201carruinando\u201d con ello una vez m\u00e1s el trabajo que hacen nuestros sanitarios frente a la pandemia.<\/p>\n<p>En un\u00a0<strong>acto en Ferraz junto a alcaldes y alcaldesas socialistas<\/strong>, Gabilondo ha se\u00f1alado que \u201csu razonamiento es tan simple que asusta: nos dice \u00a1todos a Madrid! Conclusi\u00f3n: todos contagiados\u201d; y siempre \u201cconsiderando que es cosa de los dem\u00e1s y eludiendo la propia responsabilidad\u201d \u2013lament\u00f3-.<\/p>\n<p>Que nos encontramos a las puertas de una cuarta ola y con el virus fuera de control lo demuestra, seg\u00fan el candidato socialista, el que\u00a0<strong>Madrid ya est\u00e9 en 250 casos de incidencia acumulada y lidere el crecimiento de contagios<\/strong>\u00a0en Espa\u00f1a. \u201cLa incidencia acumulada no es una palabra sin m\u00e1s que escuchamos en un informativo. Estamos hablando de fallecimientos, de contagios, de UCIS, de hospitalizaciones.\u00a0<strong>Estamos hablando de personas que sufren, \u00bfno es lo prioritario evitarlo?<\/strong>\u201d, se pregunt\u00f3 Gabilondo, quien consider\u00f3 que los malos datos \u201c<strong>van a seguir subiendo por la mala gesti\u00f3n del gobierno de la Comunidad<\/strong>\u201d que, aunque \u201cno sea la \u00fanica causa, es decisiva\u201d.<\/p>\n<p>En ese sentido ha se\u00f1alado que \u201c<strong>ya vamos tarde para adelantar el toque de queda a las 22:00, para cumplir las restricciones y para ampliarlas<\/strong>\u201d, pero<strong>\u00a0tambi\u00e9n para \u201cdar ayudas directas hoy a la hosteler\u00eda, no ma\u00f1ana\u201d<\/strong>, tal y como \u00e9l mismo ha propuesto en el Plan de Choque contra la pandemia presentado ayer.<\/p>\n<p>\u201c<strong>Se\u00f1ora Ayuso: el virus est\u00e1 fuera de control. No mire hacia otro lado<\/strong>, usted es la responsable de la ausencia de ayudas directas a la hosteler\u00eda y del crecimiento de la cuarta ola. Quiz\u00e1s ni lo sabe todav\u00eda pero<strong>\u00a0usted es, lisa y llanamente, la responsables del efecto llamada en Madrid porque usted es la responsable del desgobierno en Madrid<\/strong>\u201d, remarc\u00f3.<\/p>\n<p>Para el candidato socialista \u201cno hay que elegir entre salud y econom\u00eda.\u00a0<strong>Queremos salud y econom\u00eda<\/strong>\u201d, del mismo modo que \u201cno hay que elegir entre socialismo o libertad, ni entre comunismo o libertad, ni tan siquiera entre Madrid o la ultraderecha.\u00a0<strong>El Gobierno que se quiere conformar va mucho m\u00e1s all\u00e1 del negacionismo<\/strong>. Se trata de Madrid y<strong>\u00a0tenemos que decidir si queremos un Gobierno en serio, como el que proponemos nosotros, o un Gobierno como es el de la Plaza de Col\u00f3n<\/strong>\u201d, reaccionario y ultra.<\/p>\n<p><strong>Manifiesto de apoyo de 59 alcaldes y alcaldesas de Madrid<\/strong><\/p>\n<p>En el acto han intervenido tambi\u00e9n\u00a0<strong>M\u00f3nica Carazo<\/strong>, vicealcaldesa del Ayuntamiento de Rivas-Vaciamadrid y n\u00famero 6 de la candidatura socialista a la Asamblea, y la alcaldesa de Alcorc\u00f3n,\u00a0<strong>Natalia de Andr\u00e9s<\/strong>, quien adem\u00e1s ley\u00f3 el\u00a0<strong>Manifiesto que han suscrito 59 alcaldes y alcaldesas<\/strong>\u00a0socialistas de la regi\u00f3n, en apoyo a la campa\u00f1a para \u201cGobernar en serio\u201d que encabeza \u00c1ngel Gabilondo.<\/p>\n<p>Carazo ha criticado entre otras cosas que D\u00edaz Ayuso \u201c<strong>abandone a los ayuntamientos en la gesti\u00f3n de la crisis sanitaria derivada por la Covid, como si no fuesen suyas las competencias de sanidad<\/strong>\u201d y que los consistorios tampoco hayan recibido nada de los 3.400 millones que destin\u00f3 a la Comunidad el Fondo Covid del Gobierno de Espa\u00f1a.<\/p>\n<p>\u201cNosotros si pensamos en Madrid\u201d afirm\u00f3, por eso queremos gobernar en serio con\u00a0<strong>un gobierno excepcional para dos a\u00f1os que huya de los extremismos, que no toque la fiscalidad y que aborde la necesaria vacunaci\u00f3n y la recuperaci\u00f3n econ\u00f3mica<\/strong>. Un gobierno \u201c<strong>que se compromete a gestionar eficazmente los fondos europeos y promover la incorporaci\u00f3n de los j\u00f3venes para que sean part\u00edcipes de la necesaria transformaci\u00f3n de la Comunidad de Madrid<\/strong>\u201d.<\/p>\n<p>&nbsp;<\/p>\n","protected":false},"excerpt":{"rendered":"<p>La acusa de \u201carruinar el trabajo sin descanso de nuestros sanitarios\u201d con el \u201cdesgobierno\u201d, el \u201cdesmadre\u201d y el \u201cefecto llamada\u201d que est\u00e1 provocando. El candidato socialista a la Presidencia de la Comunidad de Madrid,\u00a0\u00c1ngel Gabilondo, ha responsabilizado este martes a D\u00edaz Ayuso de que\u00a0el virus en la regi\u00f3n est\u00e9 \u201cfuera de control\u201d\u00a0debido al \u201cdesgobierno\u201d, el &hellip; <\/p>\n<p class=\"link-more\"><a href=\"https:\/\/psoefuenlabrada.es\/?p=158\" class=\"more-link\">Continuar leyendo<span class=\"screen-reader-text\"> \u00ab\u00c1ngel Gabilondo: Ayuso es la responsable de que el virus est\u00e9 fuera de control en Madrid\u00bb<\/span><\/a><\/p>\n","protected":false},"author":1,"featured_media":159,"comment_status":"open","ping_status":"open","sticky":false,"template":"","format":"standard","meta":{"_jetpack_memberships_contains_paid_content":false,"footnotes":""},"categories":[2],"tags":[],"class_list":["post-158","post","type-post","status-publish","format-standard","has-post-thumbnail","hentry","category-noticias"],"aioseo_notices":[],"jetpack_featured_media_url":"https:\/\/psoefuenlabrada.es\/wp-content\/uploads\/2021\/03\/Gabilondo-junto-a-alcaldes-y-alcaldesas-socialistas-que-han-participado-en-un-acto-en-Ferraz.jpg","jetpack_sharing_enabled":true,"_links":{"self":[{"href":"https:\/\/psoefuenlabrada.es\/index.php?rest_route=\/wp\/v2\/posts\/158","targetHints":{"allow":["GET"]}}],"collection":[{"href":"https:\/\/psoefuenlabrada.es\/index.php?rest_route=\/wp\/v2\/posts"}],"about":[{"href":"https:\/\/psoefuenlabrada.es\/index.php?rest_route=\/wp\/v2\/types\/post"}],"author":[{"embeddable":true,"href":"https:\/\/psoefuenlabrada.es\/index.php?rest_route=\/wp\/v2\/users\/1"}],"replies":[{"embeddable":true,"href":"https:\/\/psoefuenlabrada.es\/index.php?rest_route=%2Fwp%2Fv2%2Fcomments&post=158"}],"version-history":[{"count":1,"href":"https:\/\/psoefuenlabrada.es\/index.php?rest_route=\/wp\/v2\/posts\/158\/revisions"}],"predecessor-version":[{"id":160,"href":"https:\/\/psoefuenlabrada.es\/index.php?rest_route=\/wp\/v2\/posts\/158\/revisions\/160"}],"wp:featuredmedia":[{"embeddable":true,"href":"https:\/\/psoefuenlabrada.es\/index.php?rest_route=\/wp\/v2\/media\/159"}],"wp:attachment":[{"href":"https:\/\/psoefuenlabrada.es\/index.php?rest_route=%2Fwp%2Fv2%2Fmedia&parent=158"}],"wp:term":[{"taxonomy":"category","embeddable":true,"href":"https:\/\/psoefuenlabrada.es\/index.php?rest_route=%2Fwp%2Fv2%2Fcategories&post=158"},{"taxonomy":"post_tag","embeddable":true,"href":"https:\/\/psoefuenlabrada.es\/index.php?rest_route=%2Fwp%2Fv2%2Ftags&post=158"}],"curies":[{"name":"wp","href":"https:\/\/api.w.org\/{rel}","templated":true}]}}