{"id":235,"date":"2022-03-07T12:22:29","date_gmt":"2022-03-07T12:22:29","guid":{"rendered":"https:\/\/psoefuenlabrada.es\/?p=235"},"modified":"2022-03-07T12:22:29","modified_gmt":"2022-03-07T12:22:29","slug":"monica-sebastian-las-derechas-muestran-su-verdadera-cara-a-la-hora-de-decidir-de-que-lado-estan","status":"publish","type":"post","link":"https:\/\/psoefuenlabrada.es\/?p=235","title":{"rendered":"M\u00f3nica Sebasti\u00e1n \u00abLas derechas muestran su verdadera cara a la hora de decidir de qu\u00e9 lado est\u00e1n\u00bb"},"content":{"rendered":"<p><span class=\"style-scope yt-formatted-string\" dir=\"auto\">La Secretaria General del PSOE de Fuenlabrada, M\u00f3nica Sebasti\u00e1n, hace una valoraci\u00f3n de la posici\u00f3n de las derechas en el pasado pleno. <\/span><!--more--><\/p>\n<p><span class=\"style-scope yt-formatted-string\" dir=\"auto\">M\u00f3nica Sebasti\u00e1n lamenta el bloqueo por parte del partido de ultraderecha, VOX, a la declaraci\u00f3n institucional en apoyo al pueblo ucraniano y contra la guerra en Ucrania. <\/span><\/p>\n<p><span class=\"style-scope yt-formatted-string\" dir=\"auto\">Por otro lado, la secretaria general, denuncia que la portavoz del PP sigua instalada en su <\/span><a class=\"yt-simple-endpoint style-scope yt-formatted-string\" dir=\"auto\" spellcheck=\"false\" href=\"https:\/\/www.youtube.com\/hashtag\/yoconayuso\">#YoConAyuso<\/a><span class=\"style-scope yt-formatted-string\" dir=\"auto\"> posicion\u00e1ndose en contra de los intereses de los fuenlabre\u00f1os y fuenlabre\u00f1as.<\/span><\/p>\n<p><iframe loading=\"lazy\" title=\"M\u00f3nica Sebasti\u00e1n &quot;Las derechas muestran su verdadera cara a la hora de decidir de qu\u00e9 lado est\u00e1n&quot;\" width=\"525\" height=\"295\" src=\"https:\/\/www.youtube.com\/embed\/69N4L4I59Xo?feature=oembed\" frameborder=\"0\" allow=\"accelerometer; autoplay; clipboard-write; encrypted-media; gyroscope; picture-in-picture; web-share\" referrerpolicy=\"strict-origin-when-cross-origin\" allowfullscreen><\/iframe><\/p>\n","protected":false},"excerpt":{"rendered":"<p>La Secretaria General del PSOE de Fuenlabrada, M\u00f3nica Sebasti\u00e1n, hace una valoraci\u00f3n de la posici\u00f3n de las derechas en el pasado pleno.<\/p>\n","protected":false},"author":1,"featured_media":236,"comment_status":"open","ping_status":"open","sticky":false,"template":"","format":"standard","meta":{"_jetpack_memberships_contains_paid_content":false,"footnotes":""},"categories":[2],"tags":[],"class_list":["post-235","post","type-post","status-publish","format-standard","has-post-thumbnail","hentry","category-noticias"],"aioseo_notices":[],"jetpack_featured_media_url":"https:\/\/psoefuenlabrada.es\/wp-content\/uploads\/2022\/03\/4.png","jetpack_sharing_enabled":true,"_links":{"self":[{"href":"https:\/\/psoefuenlabrada.es\/index.php?rest_route=\/wp\/v2\/posts\/235","targetHints":{"allow":["GET"]}}],"collection":[{"href":"https:\/\/psoefuenlabrada.es\/index.php?rest_route=\/wp\/v2\/posts"}],"about":[{"href":"https:\/\/psoefuenlabrada.es\/index.php?rest_route=\/wp\/v2\/types\/post"}],"author":[{"embeddable":true,"href":"https:\/\/psoefuenlabrada.es\/index.php?rest_route=\/wp\/v2\/users\/1"}],"replies":[{"embeddable":true,"href":"https:\/\/psoefuenlabrada.es\/index.php?rest_route=%2Fwp%2Fv2%2Fcomments&post=235"}],"version-history":[{"count":1,"href":"https:\/\/psoefuenlabrada.es\/index.php?rest_route=\/wp\/v2\/posts\/235\/revisions"}],"predecessor-version":[{"id":237,"href":"https:\/\/psoefuenlabrada.es\/index.php?rest_route=\/wp\/v2\/posts\/235\/revisions\/237"}],"wp:featuredmedia":[{"embeddable":true,"href":"https:\/\/psoefuenlabrada.es\/index.php?rest_route=\/wp\/v2\/media\/236"}],"wp:attachment":[{"href":"https:\/\/psoefuenlabrada.es\/index.php?rest_route=%2Fwp%2Fv2%2Fmedia&parent=235"}],"wp:term":[{"taxonomy":"category","embeddable":true,"href":"https:\/\/psoefuenlabrada.es\/index.php?rest_route=%2Fwp%2Fv2%2Fcategories&post=235"},{"taxonomy":"post_tag","embeddable":true,"href":"https:\/\/psoefuenlabrada.es\/index.php?rest_route=%2Fwp%2Fv2%2Ftags&post=235"}],"curies":[{"name":"wp","href":"https:\/\/api.w.org\/{rel}","templated":true}]}}