{"id":254,"date":"2023-02-20T11:17:10","date_gmt":"2023-02-20T11:17:10","guid":{"rendered":"https:\/\/psoefuenlabrada.es\/?p=254"},"modified":"2023-02-20T11:17:10","modified_gmt":"2023-02-20T11:17:10","slug":"la-agrupacion-socialista-de-fuenlabrada-avala-la-candidatura-encabezada-por-javier-ayala-para-las-municipales-de-mayo","status":"publish","type":"post","link":"https:\/\/psoefuenlabrada.es\/?p=254","title":{"rendered":"La agrupaci\u00f3n socialista de Fuenlabrada avala la candidatura encabezada por Javier Ayala para las municipales de mayo"},"content":{"rendered":"<p style=\"text-align: justify;\"><strong>La lista conjuga una amplia experiencia de gobierno con una renovaci\u00f3n del 50 por ciento respecto a 2019<\/strong><\/p>\n<p style=\"text-align: justify;\"><a href=\"https:\/\/psoefuenlabrada.es\/wp-content\/uploads\/2023\/02\/Javier-Ayala.jpg\"><img loading=\"lazy\" decoding=\"async\" class=\"alignleft  wp-image-255\" src=\"https:\/\/psoefuenlabrada.es\/wp-content\/uploads\/2023\/02\/Javier-Ayala.jpg\" alt=\"\" width=\"233\" height=\"269\" srcset=\"https:\/\/psoefuenlabrada.es\/wp-content\/uploads\/2023\/02\/Javier-Ayala.jpg 389w, https:\/\/psoefuenlabrada.es\/wp-content\/uploads\/2023\/02\/Javier-Ayala-260x300.jpg 260w\" sizes=\"auto, (max-width: 233px) 100vw, 233px\" \/><\/a>La agrupaci\u00f3n socialista de Fuenlabrada aval\u00f3 ayer por la pr\u00e1ctica unanimidad de los votos (m\u00e1s del 90%) la lista que encabeza el actual alcalde Javier Ayala para las elecciones municipales del 28 de mayo.<br \/>\nSe trata de una lista que a\u00fana una amplia experiencia de Gobierno con la renovaci\u00f3n de personas y que tratar\u00e1 de obtener de nuevo el apoyo mayoritario de los vecinos y las vecinas de Fuenlabrada.<br \/>\n\u201cEs una lista que se caracteriza por la solvencia y la experiencia, pero que aporta frescura y renovaci\u00f3n. Es una lista, adem\u00e1s, elaborada con valent\u00eda y generosidad\u201d, ha explicado la secretaria general de los socialistas de Fuenlabrada, M\u00f3nica Sebasti\u00e1n.<\/p>\n<p style=\"text-align: justify;\">Sebasti\u00e1n ha destacado que los socialistas de Fuenlabrada \u201cno solo tienen al mejor candidato, avalado por una gran gesti\u00f3n y por un proyecto ilusionante, sino tambi\u00e9n al mejor equipo y la mejor lista\u201d.<br \/>\nLa lista estar\u00e1 encabezada por Javier Ayala, al que seguir\u00e1n, por este orden, M\u00f3nica Sebasti\u00e1n, Francisco Paloma, Raquel L\u00f3pez, Isidoro Ortega, Ana Mar\u00eda P\u00e9rez, Antonio Gonz\u00e1lez Moldes, Soledad Mart\u00edn, Juan Agust\u00edn Dom\u00ednguez y Raquel P\u00e9rez.<\/p>\n<p style=\"text-align: justify;\">A continuaci\u00f3n, la lista se completa con Francisco Javier Bokesa, Cristina Mora, Ra\u00fal Hern\u00e1ndez, Lara Paul, Ra\u00fal Jub\u00edn, Beatriz Montilla, Javier Gonz\u00e1lez, C\u00e1ndida S\u00e1nchez, Jos\u00e9 Manuel Simancas, Carmen Mart\u00ednez Pascual, Juli\u00e1n Maeso Moreno, Mar\u00eda Victoria Mu\u00f1oz, Marcos Tarifa, Sara Bellisco, Emilio Esquivel, Marta Luengo y Francisco Javier Ariza.<\/p>\n<p style=\"text-align: justify;\">Las tres personas suplentes son: Lorena L\u00f3pez, Jer\u00f3nimo Tortajada, y Mar\u00eda del Pilar Vergara.<\/p>\n","protected":false},"excerpt":{"rendered":"<p>La lista conjuga una amplia experiencia de gobierno con una renovaci\u00f3n del 50 por ciento respecto a 2019 La agrupaci\u00f3n socialista de Fuenlabrada aval\u00f3 ayer por la pr\u00e1ctica unanimidad de los votos (m\u00e1s del 90%) la lista que encabeza el actual alcalde Javier Ayala para las elecciones municipales del 28 de mayo. Se trata de &hellip; <\/p>\n<p class=\"link-more\"><a href=\"https:\/\/psoefuenlabrada.es\/?p=254\" class=\"more-link\">Continuar leyendo<span class=\"screen-reader-text\"> \u00abLa agrupaci\u00f3n socialista de Fuenlabrada avala la candidatura encabezada por Javier Ayala para las municipales de mayo\u00bb<\/span><\/a><\/p>\n","protected":false},"author":1,"featured_media":257,"comment_status":"open","ping_status":"open","sticky":false,"template":"","format":"standard","meta":{"_jetpack_memberships_contains_paid_content":false,"footnotes":""},"categories":[2],"tags":[],"class_list":["post-254","post","type-post","status-publish","format-standard","has-post-thumbnail","hentry","category-noticias"],"aioseo_notices":[],"jetpack_featured_media_url":"https:\/\/psoefuenlabrada.es\/wp-content\/uploads\/2023\/02\/Javier-Ayala-PSOE.jpg","jetpack_sharing_enabled":true,"_links":{"self":[{"href":"https:\/\/psoefuenlabrada.es\/index.php?rest_route=\/wp\/v2\/posts\/254","targetHints":{"allow":["GET"]}}],"collection":[{"href":"https:\/\/psoefuenlabrada.es\/index.php?rest_route=\/wp\/v2\/posts"}],"about":[{"href":"https:\/\/psoefuenlabrada.es\/index.php?rest_route=\/wp\/v2\/types\/post"}],"author":[{"embeddable":true,"href":"https:\/\/psoefuenlabrada.es\/index.php?rest_route=\/wp\/v2\/users\/1"}],"replies":[{"embeddable":true,"href":"https:\/\/psoefuenlabrada.es\/index.php?rest_route=%2Fwp%2Fv2%2Fcomments&post=254"}],"version-history":[{"count":1,"href":"https:\/\/psoefuenlabrada.es\/index.php?rest_route=\/wp\/v2\/posts\/254\/revisions"}],"predecessor-version":[{"id":256,"href":"https:\/\/psoefuenlabrada.es\/index.php?rest_route=\/wp\/v2\/posts\/254\/revisions\/256"}],"wp:featuredmedia":[{"embeddable":true,"href":"https:\/\/psoefuenlabrada.es\/index.php?rest_route=\/wp\/v2\/media\/257"}],"wp:attachment":[{"href":"https:\/\/psoefuenlabrada.es\/index.php?rest_route=%2Fwp%2Fv2%2Fmedia&parent=254"}],"wp:term":[{"taxonomy":"category","embeddable":true,"href":"https:\/\/psoefuenlabrada.es\/index.php?rest_route=%2Fwp%2Fv2%2Fcategories&post=254"},{"taxonomy":"post_tag","embeddable":true,"href":"https:\/\/psoefuenlabrada.es\/index.php?rest_route=%2Fwp%2Fv2%2Ftags&post=254"}],"curies":[{"name":"wp","href":"https:\/\/api.w.org\/{rel}","templated":true}]}}