{"id":268,"date":"2023-04-25T23:41:49","date_gmt":"2023-04-25T23:41:49","guid":{"rendered":"https:\/\/psoefuenlabrada.es\/?p=268"},"modified":"2023-05-26T11:42:22","modified_gmt":"2023-05-26T11:42:22","slug":"acto-de-presentacion-de-ayala23-con-pedro-sanchez-en-fuenlabrada","status":"publish","type":"post","link":"https:\/\/psoefuenlabrada.es\/?p=268","title":{"rendered":"Acto de presentaci\u00f3n de #Ayala23 con Pedro S\u00e1nchez en Fuenlabrada"},"content":{"rendered":"<p>En un acto multitudinario celebrado este domingo 23 de abril, en el teatro Tom\u00e1s y Valiente de Fuenlabrada<!--more-->, el presidente del Gobierno Pedro S\u00e1nchez y el secretario general del PSOE de Madrid Juan Lobato, y la secretaria general del PSOE de Fuenlabrada, M\u00f3nica Sebasti\u00e1n, arroparon la candidatura de Javier Ayala a la reelecci\u00f3n a la alcald\u00eda de la ciudad.<\/p>\n<p>Javier Ayala: \u00abLa candidatura que presento es mucho m\u00e1s que los 27 hombres y mujeres que me acompa\u00f1an, es un proyecto ciudadano en el que han participado miles de personas de la ciudad\u00bb<\/p>\n<blockquote class=\"twitter-tweet\">\n<p dir=\"ltr\" lang=\"es\">La candidatura que presento es mucho m\u00e1s que los 27 hombres y mujeres que me acompa\u00f1an, es un proyecto ciudadano en el que han participado miles de personas de la ciudad<a href=\"https:\/\/twitter.com\/hashtag\/DefiendeLoQuePiensas?src=hash&amp;ref_src=twsrc%5Etfw\">#DefiendeLoQuePiensas<\/a><br \/>\nYo\u2764Fuenlabrada <a href=\"https:\/\/t.co\/BifawctfRN\">pic.twitter.com\/BifawctfRN<\/a><\/p>\n<p>\u2014 Javier Ayala \/ \u2764\ufe0f (@JavierAyalaO) <a href=\"https:\/\/twitter.com\/JavierAyalaO\/status\/1650127080770752512?ref_src=twsrc%5Etfw\">April 23, 2023<\/a><\/p><\/blockquote>\n<p><script async src=\"https:\/\/platform.twitter.com\/widgets.js\" charset=\"utf-8\"><\/script><\/p>\n<p>Pedro S\u00e1nchez: \u201cHemos aprobado muchos avances sociales siempre sin el PP, en contra del PP y a pesar del PP\u201d. El secretario general del PSOE y presidente del Gobierno, Pedro S\u00e1nchez, ha asegurado este mediod\u00eda desde Fuenlabrada que la vivienda se convierte en el quinto pilar del Estado del bienestar por el impulso socialista.<\/p>\n<blockquote class=\"twitter-tweet\">\n<p dir=\"ltr\" lang=\"es\">Sanidad, educaci\u00f3n, dependencia, pensiones y ahora vivienda.<\/p>\n<p>Los cinco pilares del Estado del bienestar y los cinco con el sello del <a href=\"https:\/\/twitter.com\/PSOE?ref_src=twsrc%5Etfw\">@PSOE<\/a>.<a href=\"https:\/\/twitter.com\/hashtag\/DefiendeLoQuePiensas?src=hash&amp;ref_src=twsrc%5Etfw\">#DefiendeLoQuePiensas<\/a> <a href=\"https:\/\/t.co\/Gugptsqsb0\">pic.twitter.com\/Gugptsqsb0<\/a><\/p>\n<p>\u2014 Pedro S\u00e1nchez (@sanchezcastejon) <a href=\"https:\/\/twitter.com\/sanchezcastejon\/status\/1650088274931642369?ref_src=twsrc%5Etfw\">April 23, 2023<\/a><\/p><\/blockquote>\n<p><script async src=\"https:\/\/platform.twitter.com\/widgets.js\" charset=\"utf-8\"><\/script><\/p>\n<p><span class=\"css-901oao css-16my406 r-poiln3 r-bcqeeo r-qvutc0\">Javier Ayala: \u00bfOs imagin\u00e1is si hubiese habido un gobierno de derechas en la crisis del COVID y en la crisis de la guerra de Ucrania? <\/span><span class=\"css-901oao css-16my406 r-poiln3 r-bcqeeo r-qvutc0\">\u00a0<\/span><\/p>\n<p><span class=\"css-901oao css-16my406 r-poiln3 r-bcqeeo r-qvutc0\">Afortunadamente ten\u00edamos un Gobierno que ha creado 200 medidas que han protegido a las y los trabajadores.<\/span><\/p>\n<blockquote class=\"twitter-tweet\">\n<p dir=\"ltr\" lang=\"es\">\u00bfOs imagin\u00e1is si hubiese habido un gobierno de derechas en la crisis del COVID y en la crisis de la guerra de Ucrania?<\/p>\n<p>\ud83d\udc49\ud83c\udffb Afortunadamente ten\u00edamos un Gobierno que ha creado 200 medidas que han protegido a las y los trabajadores.<a href=\"https:\/\/twitter.com\/JavierAyalaO?ref_src=twsrc%5Etfw\">@JavierAyalaO<\/a> <a href=\"https:\/\/twitter.com\/hashtag\/DefiendeLoQuePiensas?src=hash&amp;ref_src=twsrc%5Etfw\">#DefiendeLoQuePiensas<\/a> <a href=\"https:\/\/t.co\/xMOGXOvcIG\">pic.twitter.com\/xMOGXOvcIG<\/a><\/p>\n<p>\u2014 PSOE (@PSOE) <a href=\"https:\/\/twitter.com\/PSOE\/status\/1650075853223784449?ref_src=twsrc%5Etfw\">April 23, 2023<\/a><\/p><\/blockquote>\n<p><script async src=\"https:\/\/platform.twitter.com\/widgets.js\" charset=\"utf-8\"><\/script><\/p>\n<p><span class=\"css-901oao css-16my406 r-poiln3 r-bcqeeo r-qvutc0\">M\u00f3nica Sebasti\u00e1n: \u00abBienvenidos a <\/span><span class=\"r-18u37iz\"><a class=\"css-4rbku5 css-18t94o4 css-901oao css-16my406 r-1cvl2hr r-1loqt21 r-poiln3 r-bcqeeo r-qvutc0\" dir=\"ltr\" role=\"link\" href=\"https:\/\/twitter.com\/hashtag\/FuenlAyala?src=hashtag_click\">#FuenlAyala<\/a><\/span><span class=\"css-901oao css-16my406 r-poiln3 r-bcqeeo r-qvutc0\">\u00ab<\/span><\/p>\n<blockquote class=\"twitter-tweet\">\n<p dir=\"ltr\" lang=\"es\">\ud83c\udf39 Para los que dicen que del socialismo se sale, <a href=\"https:\/\/twitter.com\/Moni_SebastianP?ref_src=twsrc%5Etfw\">@Moni_SebastianP<\/a> ante un auditorio abarrotado \u00abBienvenidos a <a href=\"https:\/\/twitter.com\/hashtag\/FuenlAyala?src=hash&amp;ref_src=twsrc%5Etfw\">#FuenlAyala<\/a>\u00ab<a href=\"https:\/\/twitter.com\/hashtag\/DefiendeLoQuePiensas?src=hash&amp;ref_src=twsrc%5Etfw\">#DefiendeLoQuePiensas<\/a> <a href=\"https:\/\/twitter.com\/hashtag\/AyalA23?src=hash&amp;ref_src=twsrc%5Etfw\">#AyalA23<\/a> <a href=\"https:\/\/t.co\/p6zKlNmW8g\">pic.twitter.com\/p6zKlNmW8g<\/a><\/p>\n<p>\u2014 PSOE de Fuenlabrada (@PSOEfuenlabrada) <a href=\"https:\/\/twitter.com\/PSOEfuenlabrada\/status\/1650114687067881473?ref_src=twsrc%5Etfw\">April 23, 2023<\/a><\/p><\/blockquote>\n<p><script async src=\"https:\/\/platform.twitter.com\/widgets.js\" charset=\"utf-8\"><\/script><\/p>\n<p>Javier Ayala defendi\u00f3 la agenda social del gobierno municipal, \u00abposiblemente sea la m\u00e1s importante a nivel nacional\u00bb<\/p>\n<blockquote class=\"twitter-tweet\">\n<p dir=\"ltr\" lang=\"es\">La agenda social de Fuenlabrada posiblemente sea la m\u00e1s importante a nivel nacional, una agenda que da oportunidades a mis vecin@s poniendo en carga 65.000 becas<a href=\"https:\/\/twitter.com\/hashtag\/DefiendeLoQuePiensas?src=hash&amp;ref_src=twsrc%5Etfw\">#DefiendeLoQuePiensas<\/a> Yo\u2764Fuenlabrada <a href=\"https:\/\/t.co\/aYFctauXtv\">pic.twitter.com\/aYFctauXtv<\/a><\/p>\n<p>\u2014 Javier Ayala \/ \u2764\ufe0f (@JavierAyalaO) <a href=\"https:\/\/twitter.com\/JavierAyalaO\/status\/1650155564159098881?ref_src=twsrc%5Etfw\">April 23, 2023<\/a><\/p><\/blockquote>\n<p><script async src=\"https:\/\/platform.twitter.com\/widgets.js\" charset=\"utf-8\"><\/script><\/p>\n<p>Juan Lobato: \u00abNo nos resignamos a que #Madrid vaya a peor, sino que nos rebelamos para que vaya a mejor. \u00a1Vamos con todo!\u00bb<\/p>\n<blockquote class=\"twitter-tweet\">\n<p dir=\"ltr\" lang=\"es\">No nos resignamos a que <a href=\"https:\/\/twitter.com\/hashtag\/Madrid?src=hash&amp;ref_src=twsrc%5Etfw\">#Madrid<\/a> vaya a peor, sino que nos rebelamos para que vaya a mejor.<\/p>\n<p>\u00a1Vamos con todo! <a href=\"https:\/\/t.co\/GsPndamC4p\">pic.twitter.com\/GsPndamC4p<\/a><\/p>\n<p>\u2014 Juan Lobato (@juanlobato_es) <a href=\"https:\/\/twitter.com\/juanlobato_es\/status\/1650132428227334146?ref_src=twsrc%5Etfw\">April 23, 2023<\/a><\/p><\/blockquote>\n<p><script async src=\"https:\/\/platform.twitter.com\/widgets.js\" charset=\"utf-8\"><\/script><\/p>\n<p style=\"text-align: justify;\">Desde Fuenlabrada ha detallado los planes del PSOE de Madrid para la Comunidad que ahora mismo solo construye un 1% de vivienda p\u00fablica. Un primer paso ser\u00e1 destinar 216M\u20ac para que 60.000 familias con 35.000 \u20ac de renta puedan reducir 300\u20ac sus alquileres. \u201c\u00bfy c\u00f3mo se paga? Ayuso perdona cada a\u00f1o 992 M\u20ac al 0,2% de las grandes fortunas. Nosotros pretendemos destinar 216M\u20ac a 60.000 hogares\u201d. Se trata de gobernar para \u201cun 0,2%\u00a0\u00f3 60.000 familias\u201d. \u201cEn Madrid vamos a por todas\u201d, ha afirmado Lobato, \u201cquiero un Madrid que debe aspirar a ir a mejor y no a peor. Ayuso se resigna con ir a peor\u201d.<\/p>\n<p><iframe loading=\"lazy\" title=\"Intervenci\u00f3n de Javier Ayala en el acto de presentaci\u00f3n de su candidatura con Pedro S\u00e1nchez\" width=\"525\" height=\"295\" src=\"https:\/\/www.youtube.com\/embed\/afHHIS04nYY?start=10&#038;feature=oembed\" frameborder=\"0\" allow=\"accelerometer; autoplay; clipboard-write; encrypted-media; gyroscope; picture-in-picture; web-share\" referrerpolicy=\"strict-origin-when-cross-origin\" allowfullscreen><\/iframe><\/p>\n<p>&nbsp;<\/p>\n<p><iframe loading=\"lazy\" title=\"Intervenci\u00f3n de M\u00f3nica Sebasti\u00e1n en el acto de presentaci\u00f3n de la candidatura de #Ayala23\" width=\"525\" height=\"295\" src=\"https:\/\/www.youtube.com\/embed\/9RzqUpAcVUk?start=3&#038;feature=oembed\" frameborder=\"0\" allow=\"accelerometer; autoplay; clipboard-write; encrypted-media; gyroscope; picture-in-picture; web-share\" referrerpolicy=\"strict-origin-when-cross-origin\" allowfullscreen><\/iframe><\/p>\n","protected":false},"excerpt":{"rendered":"<p>En un acto multitudinario celebrado este domingo 23 de abril, en el teatro Tom\u00e1s y Valiente de Fuenlabrada<\/p>\n","protected":false},"author":1,"featured_media":269,"comment_status":"open","ping_status":"open","sticky":false,"template":"","format":"standard","meta":{"_jetpack_memberships_contains_paid_content":false,"footnotes":""},"categories":[2],"tags":[],"class_list":["post-268","post","type-post","status-publish","format-standard","has-post-thumbnail","hentry","category-noticias"],"aioseo_notices":[],"jetpack_featured_media_url":"https:\/\/psoefuenlabrada.es\/wp-content\/uploads\/2023\/05\/presentacion-ayala23.jpg","jetpack_sharing_enabled":true,"_links":{"self":[{"href":"https:\/\/psoefuenlabrada.es\/index.php?rest_route=\/wp\/v2\/posts\/268","targetHints":{"allow":["GET"]}}],"collection":[{"href":"https:\/\/psoefuenlabrada.es\/index.php?rest_route=\/wp\/v2\/posts"}],"about":[{"href":"https:\/\/psoefuenlabrada.es\/index.php?rest_route=\/wp\/v2\/types\/post"}],"author":[{"embeddable":true,"href":"https:\/\/psoefuenlabrada.es\/index.php?rest_route=\/wp\/v2\/users\/1"}],"replies":[{"embeddable":true,"href":"https:\/\/psoefuenlabrada.es\/index.php?rest_route=%2Fwp%2Fv2%2Fcomments&post=268"}],"version-history":[{"count":1,"href":"https:\/\/psoefuenlabrada.es\/index.php?rest_route=\/wp\/v2\/posts\/268\/revisions"}],"predecessor-version":[{"id":270,"href":"https:\/\/psoefuenlabrada.es\/index.php?rest_route=\/wp\/v2\/posts\/268\/revisions\/270"}],"wp:featuredmedia":[{"embeddable":true,"href":"https:\/\/psoefuenlabrada.es\/index.php?rest_route=\/wp\/v2\/media\/269"}],"wp:attachment":[{"href":"https:\/\/psoefuenlabrada.es\/index.php?rest_route=%2Fwp%2Fv2%2Fmedia&parent=268"}],"wp:term":[{"taxonomy":"category","embeddable":true,"href":"https:\/\/psoefuenlabrada.es\/index.php?rest_route=%2Fwp%2Fv2%2Fcategories&post=268"},{"taxonomy":"post_tag","embeddable":true,"href":"https:\/\/psoefuenlabrada.es\/index.php?rest_route=%2Fwp%2Fv2%2Ftags&post=268"}],"curies":[{"name":"wp","href":"https:\/\/api.w.org\/{rel}","templated":true}]}}