{"id":278,"date":"2024-09-23T10:11:54","date_gmt":"2024-09-23T10:11:54","guid":{"rendered":"https:\/\/psoefuenlabrada.es\/?p=278"},"modified":"2024-09-23T10:11:54","modified_gmt":"2024-09-23T10:11:54","slug":"fuenlabrada-propone-que-el-macrocentro-de-menores-de-la-cantuena-lleve-el-nombre-de-isabel-diaz-ayuso","status":"publish","type":"post","link":"https:\/\/psoefuenlabrada.es\/?p=278","title":{"rendered":"Fuenlabrada propone que el macrocentro de menores de La Cantue\u00f1a lleve el nombre de Isabel D\u00edaz Ayuso"},"content":{"rendered":"<p>El Ayuntamiento de Fuenlabrada propondr\u00e1 que el macrocentro de menores no acompa\u00f1ados que la Comunidad de Madrid levanta en La Cantue\u00f1a lleve el nombre de Isabel D\u00edaz Ayuso \u201cen reconocimiento al esfuerzo de la presidenta en conseguir por todos los medios que este espacio se ubique en Fuenlabrada\u201d.<\/p>\n<p>La moci\u00f3n que debatir\u00e1 este jueves el Pleno recuerda que la Comunidad de Madrid realizar\u00e1 para instalar este macrocentro \u201cla mayor inversi\u00f3n realizada por el Gobierno regional en Fuenlabrada en d\u00e9cadas\u201d, un total de 19 millones.<\/p>\n<p>Adem\u00e1s, recuerda que la presidenta pretende convertir a Fuenlabrada \u201cen el \u00fanico espacio de la regi\u00f3n para la llegada de estos y estas menores\u201d no acompa\u00f1ados y que lo har\u00e1 en un centro \u201caislado y masificado en el que los principios de igualdad, equidad, no discriminaci\u00f3n, singularidad y solidaridad ser\u00e1n de imposible cumplimiento\u201d.<\/p>\n<p>Lo har\u00e1, sigue el texto de la moci\u00f3n, \u201cen un espacio cedido hace a\u00f1os por el Ayuntamiento para otro fin, despu\u00e9s de que el Consistorio haya aprobado la reversi\u00f3n de ese suelo\u201d y, lo que es m\u00e1s importante, lo har\u00e1 \u201cde manera unilateral y a espaldas del Gobierno local\u201d.<\/p>\n<p>En ese sentido, recuerda la moci\u00f3n que la Comunidad de Madrid pretende poner en marcha este macrocentro \u201csin una llamada, sin una reuni\u00f3n, sin informaci\u00f3n y sin mostrar el proyecto ni las verdaderas intenciones del mismo\u201d.<\/p>\n<p>El centro, concluye el texto, \u201cser\u00e1 el principio (y podr\u00edamos decir que el \u00fanico) legado que dejar\u00e1 la presidenta Isabel D\u00edaz Ayuso en la ciudad de Fuenlabrada\u201d.<\/p>\n<p>Actualmente hay tres procedimientos judiciales abiertos con motivo de la decisi\u00f3n unilateral de la Comunidad. Dos de ellos en juzgados de lo contencioso administrativo referentes a la paralizaci\u00f3n de las obras y a la reversi\u00f3n del espacio de la Cantue\u00f1a, ambas cuestiones aprobadas por el Ayuntamiento y recurridas por la Comunidad de Madrid.<\/p>\n<p>La tercera cuesti\u00f3n, en manos del TSJM, es la denuncia del Ayuntamiento a la adjudicaci\u00f3n de obras por la v\u00eda de emergencia realizada por el Gobierno de la Comunidad de Madrid.<\/p>\n<p>Los tres casos est\u00e1n a la espera de resoluci\u00f3n judicial.<\/p>\n","protected":false},"excerpt":{"rendered":"<p>El Ayuntamiento de Fuenlabrada propondr\u00e1 que el macrocentro de menores no acompa\u00f1ados que la Comunidad de Madrid levanta en La Cantue\u00f1a lleve el nombre de Isabel D\u00edaz Ayuso \u201cen reconocimiento al esfuerzo de la presidenta en conseguir por todos los medios que este espacio se ubique en Fuenlabrada\u201d. La moci\u00f3n que debatir\u00e1 este jueves el &hellip; <\/p>\n<p class=\"link-more\"><a href=\"https:\/\/psoefuenlabrada.es\/?p=278\" class=\"more-link\">Continuar leyendo<span class=\"screen-reader-text\"> \u00abFuenlabrada propone que el macrocentro de menores de La Cantue\u00f1a lleve el nombre de Isabel D\u00edaz Ayuso\u00bb<\/span><\/a><\/p>\n","protected":false},"author":1,"featured_media":279,"comment_status":"open","ping_status":"open","sticky":false,"template":"","format":"standard","meta":{"_jetpack_memberships_contains_paid_content":false,"footnotes":""},"categories":[2],"tags":[],"class_list":["post-278","post","type-post","status-publish","format-standard","has-post-thumbnail","hentry","category-noticias"],"aioseo_notices":[],"jetpack_featured_media_url":"https:\/\/psoefuenlabrada.es\/wp-content\/uploads\/2024\/09\/CANTUENA.jpg","jetpack_sharing_enabled":true,"_links":{"self":[{"href":"https:\/\/psoefuenlabrada.es\/index.php?rest_route=\/wp\/v2\/posts\/278","targetHints":{"allow":["GET"]}}],"collection":[{"href":"https:\/\/psoefuenlabrada.es\/index.php?rest_route=\/wp\/v2\/posts"}],"about":[{"href":"https:\/\/psoefuenlabrada.es\/index.php?rest_route=\/wp\/v2\/types\/post"}],"author":[{"embeddable":true,"href":"https:\/\/psoefuenlabrada.es\/index.php?rest_route=\/wp\/v2\/users\/1"}],"replies":[{"embeddable":true,"href":"https:\/\/psoefuenlabrada.es\/index.php?rest_route=%2Fwp%2Fv2%2Fcomments&post=278"}],"version-history":[{"count":1,"href":"https:\/\/psoefuenlabrada.es\/index.php?rest_route=\/wp\/v2\/posts\/278\/revisions"}],"predecessor-version":[{"id":280,"href":"https:\/\/psoefuenlabrada.es\/index.php?rest_route=\/wp\/v2\/posts\/278\/revisions\/280"}],"wp:featuredmedia":[{"embeddable":true,"href":"https:\/\/psoefuenlabrada.es\/index.php?rest_route=\/wp\/v2\/media\/279"}],"wp:attachment":[{"href":"https:\/\/psoefuenlabrada.es\/index.php?rest_route=%2Fwp%2Fv2%2Fmedia&parent=278"}],"wp:term":[{"taxonomy":"category","embeddable":true,"href":"https:\/\/psoefuenlabrada.es\/index.php?rest_route=%2Fwp%2Fv2%2Fcategories&post=278"},{"taxonomy":"post_tag","embeddable":true,"href":"https:\/\/psoefuenlabrada.es\/index.php?rest_route=%2Fwp%2Fv2%2Ftags&post=278"}],"curies":[{"name":"wp","href":"https:\/\/api.w.org\/{rel}","templated":true}]}}